{"id":1508,"date":"2017-05-09T17:34:34","date_gmt":"2017-05-09T17:34:34","guid":{"rendered":"http:\/\/marinadapovoa.com\/?p=1508"},"modified":"2018-05-17T09:30:03","modified_gmt":"2018-05-17T09:30:03","slug":"regata-dia-da-marinha","status":"publish","type":"post","link":"https:\/\/marinadapovoa.com\/fr\/regata-dia-da-marinha\/","title":{"rendered":"Regata Dia da Marinha"},"content":{"rendered":"<p><a href=\"http:\/\/www.clubenavalpovoense.com\/wp-content\/uploads\/2017\/05\/Cartaz-Regata-DMarinha-0517.jpg\"><img loading=\"lazy\" decoding=\"async\" class=\"alignleft size-large wp-image-5354\" src=\"http:\/\/www.clubenavalpovoense.com\/wp-content\/uploads\/2017\/05\/Cartaz-Regata-DMarinha-0517-500x353.jpg\" alt=\"Cartaz Regata DMarinha 0517\" width=\"500\" height=\"353\" \/><\/a> No pr\u00f3ximo dia 20 de Maio organizamos a Regata do Dia da Marinha integrada nas comemora\u00e7\u00f5es do mesmo. Ser\u00e1 uma regata dedicada \u00e0 vela de cruzeiro com largada prevista para as 11:55. <a title=\"AR Regata Dia da Marinha\" href=\"http:\/\/www.clubenavalpovoense.com\/wp-content\/uploads\/2017\/05\/AR-Dia-da-Marinha-2017.pdf\" target=\"_blank\"><strong>AN\u00daNCIO DE REGATA (.PDF)<\/strong><\/a> <a title=\"BI Regata do Dia da Marinha\" href=\"http:\/\/www.clubenavalpovoense.com\/wp-content\/uploads\/2017\/05\/BI-Dia-da-Marinha-2017.doc\" target=\"_blank\"><strong>BOLETIM DE INSCRI\u00c7\u00c3O (.DOC)<\/strong><\/a> <a title=\"Class 1.\u00aa Regata Dia da Marinha 2017\" href=\"http:\/\/www.clubenavalpovoense.com\/wp-content\/uploads\/2017\/05\/Class-CNP-Dia-Marinha-1.\u00aa-Regata-2017.pdf\" target=\"_blank\"><strong>CLASSIFICA\u00c7\u00c3O 1.\u00aa REGATA (.PDF)<\/strong><\/a> <a title=\"Class 2.\u00aa Regata Dia da Marinha 2017\" href=\"http:\/\/www.clubenavalpovoense.com\/wp-content\/uploads\/2017\/05\/Class-CNP-Dia-Marinha-2.\u00aa-Regata-2017.pdf\" target=\"_blank\"><strong>CLASSIFICA\u00c7\u00c3O 2.\u00aa REGATA (.PDF)<\/strong><\/a> <a title=\"Classifica\u00e7\u00e3o Final Regata Dia da Marinha 2017\" href=\"http:\/\/www.clubenavalpovoense.com\/wp-content\/uploads\/2017\/05\/Class-Final-CNP-Dia-da-Marinha-2017.pdf\" target=\"_blank\"><strong>CLASSIFICA\u00c7\u00c3O FINAL (.PDF)<\/strong><\/a><\/p>\n","protected":false},"excerpt":{"rendered":"<p>No pr\u00f3ximo dia 20 de Maio organizamos a Regata do Dia da Marinha integrada nas comemora\u00e7\u00f5es do mesmo. Ser\u00e1 uma &hellip; <a href=\"https:\/\/marinadapovoa.com\/fr\/regata-dia-da-marinha\/\"><span class=\"meta-nav\">[+]<\/span><\/a><\/p>\n","protected":false},"author":3,"featured_media":1544,"comment_status":"closed","ping_status":"closed","sticky":false,"template":"","format":"standard","meta":{"footnotes":""},"categories":[7],"tags":[95,96,97],"class_list":["post-1508","post","type-post","status-publish","format-standard","has-post-thumbnail","hentry","category-blog","tag-comemoracao","tag-dia-da-marinha","tag-marinha"],"_links":{"self":[{"href":"https:\/\/marinadapovoa.com\/fr\/wp-json\/wp\/v2\/posts\/1508","targetHints":{"allow":["GET"]}}],"collection":[{"href":"https:\/\/marinadapovoa.com\/fr\/wp-json\/wp\/v2\/posts"}],"about":[{"href":"https:\/\/marinadapovoa.com\/fr\/wp-json\/wp\/v2\/types\/post"}],"author":[{"embeddable":true,"href":"https:\/\/marinadapovoa.com\/fr\/wp-json\/wp\/v2\/users\/3"}],"replies":[{"embeddable":true,"href":"https:\/\/marinadapovoa.com\/fr\/wp-json\/wp\/v2\/comments?post=1508"}],"version-history":[{"count":3,"href":"https:\/\/marinadapovoa.com\/fr\/wp-json\/wp\/v2\/posts\/1508\/revisions"}],"predecessor-version":[{"id":1543,"href":"https:\/\/marinadapovoa.com\/fr\/wp-json\/wp\/v2\/posts\/1508\/revisions\/1543"}],"wp:featuredmedia":[{"embeddable":true,"href":"https:\/\/marinadapovoa.com\/fr\/wp-json\/wp\/v2\/media\/1544"}],"wp:attachment":[{"href":"https:\/\/marinadapovoa.com\/fr\/wp-json\/wp\/v2\/media?parent=1508"}],"wp:term":[{"taxonomy":"category","embeddable":true,"href":"https:\/\/marinadapovoa.com\/fr\/wp-json\/wp\/v2\/categories?post=1508"},{"taxonomy":"post_tag","embeddable":true,"href":"https:\/\/marinadapovoa.com\/fr\/wp-json\/wp\/v2\/tags?post=1508"}],"curies":[{"name":"wp","href":"https:\/\/api.w.org\/{rel}","templated":true}]}}